{"id":1059,"date":"2025-08-06T14:18:55","date_gmt":"2025-08-06T12:18:55","guid":{"rendered":"https:\/\/fondsdecim.mg\/first-grant-awarded-under-decim-funds-mini-grid-program\/"},"modified":"2025-08-26T08:55:49","modified_gmt":"2025-08-26T06:55:49","slug":"first-grant-awarded-under-decim-funds-mini-grid-program","status":"publish","type":"post","link":"https:\/\/fondsdecim.mg\/en\/first-grant-awarded-under-decim-funds-mini-grid-program\/","title":{"rendered":"First grant awarded under DECIM Fund\u2019s mini-grid program"},"content":{"rendered":"\n<p>Antananarivo, <strong>June 25, 2025<\/strong> \u2013 The DECIM Fund has awarded its first grant under Window 1 \u2013 New Mini-Grids to Jiro Kanto, a subsidiary of \u263athe IED Group and a key player in rural electrification around the Lake Alaotra (east of Madagascar). The grant will support the construction of a hydropower mini-grid to serve 3,711 households and productive users across 13 rural communities in Alaotra Mangoro region. <\/p>\n\n<p>Jiro Kanto was established in 2024 to take over the assets of a previous mini-grid project damaged by Cyclone Batsirai in 2022. The project is expected to benefit approximately 18,500 people and will be implemented over 24 months. <\/p>\n\n<p>Cette subvention financera la construction d\u2019un mini-r\u00e9seau hydro\u00e9lectrique visant \u00e0 raccorder 3 711 foyers et usages productifs, soit environ 18 500 b\u00e9n\u00e9ficiaires finaux, dans 13 fokontany r\u00e9partis sur les districts d\u2019Amparafaravola et d\u2019Ambatondrazaka dans la r\u00e9gion Alaotra Mangoro. <\/p>\n\n<p>Le projet b\u00e9n\u00e9ficie d\u2019un d\u00e9lai de 24 mois pour sa mise en \u0153uvre, conform\u00e9ment aux conditions du Guichet 1, qui soutient des projets de construction de nouveaux mini-r\u00e9seaux. Pour rappel, ce guichet a \u00e9t\u00e9 lanc\u00e9 en mars 2025 lors d\u2019un atelier de pr\u00e9sentation, qui avait r\u00e9uni tous les acteurs du secteur \u00e0 Madagascar.<\/p>\n\n<p><a id=\"_msocom_1\"><\/a><\/p>\n\n<p><\/p>\n\n<p><\/p>\n","protected":false},"excerpt":{"rendered":"<p>Antananarivo, June 25, 2025 \u2013 The DECIM Fund has awarded its first grant under Window 1 \u2013 New Mini-Grids to Jiro Kanto<\/p>\n","protected":false},"author":1,"featured_media":1008,"comment_status":"open","ping_status":"open","sticky":false,"template":"","format":"standard","meta":{"_acf_changed":false,"inline_featured_image":false,"footnotes":""},"categories":[],"tags":[],"class_list":["post-1059","post","type-post","status-publish","format-standard","has-post-thumbnail","hentry"],"acf":[],"yoast_head":"<!-- This site is optimized with the Yoast SEO plugin v27.1.1 - https:\/\/yoast.com\/product\/yoast-seo-wordpress\/ -->\n<title>First grant awarded under DECIM Fund\u2019s mini-grid program - Fonds decim<\/title>\n<meta name=\"robots\" content=\"index, follow, max-snippet:-1, max-image-preview:large, max-video-preview:-1\" \/>\n<link rel=\"canonical\" href=\"https:\/\/fondsdecim.mg\/en\/first-grant-awarded-under-decim-funds-mini-grid-program\/\" \/>\n<meta property=\"og:locale\" content=\"en_US\" \/>\n<meta property=\"og:type\" content=\"article\" \/>\n<meta property=\"og:title\" content=\"First grant awarded under DECIM Fund\u2019s mini-grid program - Fonds decim\" \/>\n<meta property=\"og:description\" content=\"Antananarivo, June 25, 2025 \u2013 The DECIM Fund has awarded its first grant under Window 1 \u2013 New Mini-Grids to Jiro Kanto\" \/>\n<meta property=\"og:url\" content=\"https:\/\/fondsdecim.mg\/en\/first-grant-awarded-under-decim-funds-mini-grid-program\/\" \/>\n<meta property=\"og:site_name\" content=\"Fonds decim\" \/>\n<meta property=\"article:publisher\" content=\"https:\/\/www.facebook.com\/profile.php?id=61575215407016\" \/>\n<meta property=\"article:published_time\" content=\"2025-08-06T12:18:55+00:00\" \/>\n<meta property=\"article:modified_time\" content=\"2025-08-26T06:55:49+00:00\" \/>\n<meta property=\"og:image\" content=\"https:\/\/fondsdecim.mg\/wp-content\/uploads\/2025\/08\/Mini-reseaux-\u2013-Guichet-1-2.jpg\" \/>\n\t<meta property=\"og:image:width\" content=\"1280\" \/>\n\t<meta property=\"og:image:height\" content=\"960\" \/>\n\t<meta property=\"og:image:type\" content=\"image\/jpeg\" \/>\n<meta name=\"author\" content=\"admin_decim\" \/>\n<meta name=\"twitter:card\" content=\"summary_large_image\" \/>\n<meta name=\"twitter:label1\" content=\"Written by\" \/>\n\t<meta name=\"twitter:data1\" content=\"admin_decim\" \/>\n\t<meta name=\"twitter:label2\" content=\"Est. reading time\" \/>\n\t<meta name=\"twitter:data2\" content=\"1 minute\" \/>\n<script type=\"application\/ld+json\" class=\"yoast-schema-graph\">{\"@context\":\"https:\/\/schema.org\",\"@graph\":[{\"@type\":\"Article\",\"@id\":\"https:\/\/fondsdecim.mg\/en\/first-grant-awarded-under-decim-funds-mini-grid-program\/#article\",\"isPartOf\":{\"@id\":\"https:\/\/fondsdecim.mg\/en\/first-grant-awarded-under-decim-funds-mini-grid-program\/\"},\"author\":{\"name\":\"admin_decim\",\"@id\":\"https:\/\/fondsdecim.mg\/en\/#\/schema\/person\/d3ce196d4534978dc31ca4dbcaba651c\"},\"headline\":\"First grant awarded under DECIM Fund\u2019s mini-grid program\",\"datePublished\":\"2025-08-06T12:18:55+00:00\",\"dateModified\":\"2025-08-26T06:55:49+00:00\",\"mainEntityOfPage\":{\"@id\":\"https:\/\/fondsdecim.mg\/en\/first-grant-awarded-under-decim-funds-mini-grid-program\/\"},\"wordCount\":202,\"commentCount\":0,\"publisher\":{\"@id\":\"https:\/\/fondsdecim.mg\/en\/#organization\"},\"image\":{\"@id\":\"https:\/\/fondsdecim.mg\/en\/first-grant-awarded-under-decim-funds-mini-grid-program\/#primaryimage\"},\"thumbnailUrl\":\"https:\/\/fondsdecim.mg\/wp-content\/uploads\/2025\/08\/Mini-reseaux-\u2013-Guichet-1-2.jpg\",\"inLanguage\":\"en-US\",\"potentialAction\":[{\"@type\":\"CommentAction\",\"name\":\"Comment\",\"target\":[\"https:\/\/fondsdecim.mg\/en\/first-grant-awarded-under-decim-funds-mini-grid-program\/#respond\"]}]},{\"@type\":\"WebPage\",\"@id\":\"https:\/\/fondsdecim.mg\/en\/first-grant-awarded-under-decim-funds-mini-grid-program\/\",\"url\":\"https:\/\/fondsdecim.mg\/en\/first-grant-awarded-under-decim-funds-mini-grid-program\/\",\"name\":\"First grant awarded under DECIM Fund\u2019s mini-grid program - Fonds decim\",\"isPartOf\":{\"@id\":\"https:\/\/fondsdecim.mg\/en\/#website\"},\"primaryImageOfPage\":{\"@id\":\"https:\/\/fondsdecim.mg\/en\/first-grant-awarded-under-decim-funds-mini-grid-program\/#primaryimage\"},\"image\":{\"@id\":\"https:\/\/fondsdecim.mg\/en\/first-grant-awarded-under-decim-funds-mini-grid-program\/#primaryimage\"},\"thumbnailUrl\":\"https:\/\/fondsdecim.mg\/wp-content\/uploads\/2025\/08\/Mini-reseaux-\u2013-Guichet-1-2.jpg\",\"datePublished\":\"2025-08-06T12:18:55+00:00\",\"dateModified\":\"2025-08-26T06:55:49+00:00\",\"breadcrumb\":{\"@id\":\"https:\/\/fondsdecim.mg\/en\/first-grant-awarded-under-decim-funds-mini-grid-program\/#breadcrumb\"},\"inLanguage\":\"en-US\",\"potentialAction\":[{\"@type\":\"ReadAction\",\"target\":[\"https:\/\/fondsdecim.mg\/en\/first-grant-awarded-under-decim-funds-mini-grid-program\/\"]}]},{\"@type\":\"ImageObject\",\"inLanguage\":\"en-US\",\"@id\":\"https:\/\/fondsdecim.mg\/en\/first-grant-awarded-under-decim-funds-mini-grid-program\/#primaryimage\",\"url\":\"https:\/\/fondsdecim.mg\/wp-content\/uploads\/2025\/08\/Mini-reseaux-\u2013-Guichet-1-2.jpg\",\"contentUrl\":\"https:\/\/fondsdecim.mg\/wp-content\/uploads\/2025\/08\/Mini-reseaux-\u2013-Guichet-1-2.jpg\",\"width\":1280,\"height\":960},{\"@type\":\"BreadcrumbList\",\"@id\":\"https:\/\/fondsdecim.mg\/en\/first-grant-awarded-under-decim-funds-mini-grid-program\/#breadcrumb\",\"itemListElement\":[{\"@type\":\"ListItem\",\"position\":1,\"name\":\"Accueil\",\"item\":\"https:\/\/fondsdecim.mg\/en\/home\/\"},{\"@type\":\"ListItem\",\"position\":2,\"name\":\"First grant awarded under DECIM Fund\u2019s mini-grid program\"}]},{\"@type\":\"WebSite\",\"@id\":\"https:\/\/fondsdecim.mg\/en\/#website\",\"url\":\"https:\/\/fondsdecim.mg\/en\/\",\"name\":\"Fonds DECIM\",\"description\":\"\",\"publisher\":{\"@id\":\"https:\/\/fondsdecim.mg\/en\/#organization\"},\"potentialAction\":[{\"@type\":\"SearchAction\",\"target\":{\"@type\":\"EntryPoint\",\"urlTemplate\":\"https:\/\/fondsdecim.mg\/en\/?s={search_term_string}\"},\"query-input\":{\"@type\":\"PropertyValueSpecification\",\"valueRequired\":true,\"valueName\":\"search_term_string\"}}],\"inLanguage\":\"en-US\"},{\"@type\":\"Organization\",\"@id\":\"https:\/\/fondsdecim.mg\/en\/#organization\",\"name\":\"Fonds DECIM\",\"url\":\"https:\/\/fondsdecim.mg\/en\/\",\"logo\":{\"@type\":\"ImageObject\",\"inLanguage\":\"en-US\",\"@id\":\"https:\/\/fondsdecim.mg\/en\/#\/schema\/logo\/image\/\",\"url\":\"https:\/\/fondsdecim.mg\/wp-content\/uploads\/2025\/07\/logo.png\",\"contentUrl\":\"https:\/\/fondsdecim.mg\/wp-content\/uploads\/2025\/07\/logo.png\",\"width\":194,\"height\":73,\"caption\":\"Fonds DECIM\"},\"image\":{\"@id\":\"https:\/\/fondsdecim.mg\/en\/#\/schema\/logo\/image\/\"},\"sameAs\":[\"https:\/\/www.facebook.com\/profile.php?id=61575215407016\"]},{\"@type\":\"Person\",\"@id\":\"https:\/\/fondsdecim.mg\/en\/#\/schema\/person\/d3ce196d4534978dc31ca4dbcaba651c\",\"name\":\"admin_decim\",\"image\":{\"@type\":\"ImageObject\",\"inLanguage\":\"en-US\",\"@id\":\"https:\/\/fondsdecim.mg\/en\/#\/schema\/person\/image\/\",\"url\":\"https:\/\/secure.gravatar.com\/avatar\/e8e3c23c3b0205e8803c84222bb343ce7b2c520534ee8dae4cf915e6a550b736?s=96&d=mm&r=g\",\"contentUrl\":\"https:\/\/secure.gravatar.com\/avatar\/e8e3c23c3b0205e8803c84222bb343ce7b2c520534ee8dae4cf915e6a550b736?s=96&d=mm&r=g\",\"caption\":\"admin_decim\"},\"sameAs\":[\"https:\/\/fondsdecim.mg\"],\"url\":\"https:\/\/fondsdecim.mg\/en\/author\/admin_decim\/\"}]}<\/script>\n<!-- \/ Yoast SEO plugin. -->","yoast_head_json":{"title":"First grant awarded under DECIM Fund\u2019s mini-grid program - Fonds decim","robots":{"index":"index","follow":"follow","max-snippet":"max-snippet:-1","max-image-preview":"max-image-preview:large","max-video-preview":"max-video-preview:-1"},"canonical":"https:\/\/fondsdecim.mg\/en\/first-grant-awarded-under-decim-funds-mini-grid-program\/","og_locale":"en_US","og_type":"article","og_title":"First grant awarded under DECIM Fund\u2019s mini-grid program - Fonds decim","og_description":"Antananarivo, June 25, 2025 \u2013 The DECIM Fund has awarded its first grant under Window 1 \u2013 New Mini-Grids to Jiro Kanto","og_url":"https:\/\/fondsdecim.mg\/en\/first-grant-awarded-under-decim-funds-mini-grid-program\/","og_site_name":"Fonds decim","article_publisher":"https:\/\/www.facebook.com\/profile.php?id=61575215407016","article_published_time":"2025-08-06T12:18:55+00:00","article_modified_time":"2025-08-26T06:55:49+00:00","og_image":[{"width":1280,"height":960,"url":"https:\/\/fondsdecim.mg\/wp-content\/uploads\/2025\/08\/Mini-reseaux-\u2013-Guichet-1-2.jpg","type":"image\/jpeg"}],"author":"admin_decim","twitter_card":"summary_large_image","twitter_misc":{"Written by":"admin_decim","Est. reading time":"1 minute"},"schema":{"@context":"https:\/\/schema.org","@graph":[{"@type":"Article","@id":"https:\/\/fondsdecim.mg\/en\/first-grant-awarded-under-decim-funds-mini-grid-program\/#article","isPartOf":{"@id":"https:\/\/fondsdecim.mg\/en\/first-grant-awarded-under-decim-funds-mini-grid-program\/"},"author":{"name":"admin_decim","@id":"https:\/\/fondsdecim.mg\/en\/#\/schema\/person\/d3ce196d4534978dc31ca4dbcaba651c"},"headline":"First grant awarded under DECIM Fund\u2019s mini-grid program","datePublished":"2025-08-06T12:18:55+00:00","dateModified":"2025-08-26T06:55:49+00:00","mainEntityOfPage":{"@id":"https:\/\/fondsdecim.mg\/en\/first-grant-awarded-under-decim-funds-mini-grid-program\/"},"wordCount":202,"commentCount":0,"publisher":{"@id":"https:\/\/fondsdecim.mg\/en\/#organization"},"image":{"@id":"https:\/\/fondsdecim.mg\/en\/first-grant-awarded-under-decim-funds-mini-grid-program\/#primaryimage"},"thumbnailUrl":"https:\/\/fondsdecim.mg\/wp-content\/uploads\/2025\/08\/Mini-reseaux-\u2013-Guichet-1-2.jpg","inLanguage":"en-US","potentialAction":[{"@type":"CommentAction","name":"Comment","target":["https:\/\/fondsdecim.mg\/en\/first-grant-awarded-under-decim-funds-mini-grid-program\/#respond"]}]},{"@type":"WebPage","@id":"https:\/\/fondsdecim.mg\/en\/first-grant-awarded-under-decim-funds-mini-grid-program\/","url":"https:\/\/fondsdecim.mg\/en\/first-grant-awarded-under-decim-funds-mini-grid-program\/","name":"First grant awarded under DECIM Fund\u2019s mini-grid program - Fonds decim","isPartOf":{"@id":"https:\/\/fondsdecim.mg\/en\/#website"},"primaryImageOfPage":{"@id":"https:\/\/fondsdecim.mg\/en\/first-grant-awarded-under-decim-funds-mini-grid-program\/#primaryimage"},"image":{"@id":"https:\/\/fondsdecim.mg\/en\/first-grant-awarded-under-decim-funds-mini-grid-program\/#primaryimage"},"thumbnailUrl":"https:\/\/fondsdecim.mg\/wp-content\/uploads\/2025\/08\/Mini-reseaux-\u2013-Guichet-1-2.jpg","datePublished":"2025-08-06T12:18:55+00:00","dateModified":"2025-08-26T06:55:49+00:00","breadcrumb":{"@id":"https:\/\/fondsdecim.mg\/en\/first-grant-awarded-under-decim-funds-mini-grid-program\/#breadcrumb"},"inLanguage":"en-US","potentialAction":[{"@type":"ReadAction","target":["https:\/\/fondsdecim.mg\/en\/first-grant-awarded-under-decim-funds-mini-grid-program\/"]}]},{"@type":"ImageObject","inLanguage":"en-US","@id":"https:\/\/fondsdecim.mg\/en\/first-grant-awarded-under-decim-funds-mini-grid-program\/#primaryimage","url":"https:\/\/fondsdecim.mg\/wp-content\/uploads\/2025\/08\/Mini-reseaux-\u2013-Guichet-1-2.jpg","contentUrl":"https:\/\/fondsdecim.mg\/wp-content\/uploads\/2025\/08\/Mini-reseaux-\u2013-Guichet-1-2.jpg","width":1280,"height":960},{"@type":"BreadcrumbList","@id":"https:\/\/fondsdecim.mg\/en\/first-grant-awarded-under-decim-funds-mini-grid-program\/#breadcrumb","itemListElement":[{"@type":"ListItem","position":1,"name":"Accueil","item":"https:\/\/fondsdecim.mg\/en\/home\/"},{"@type":"ListItem","position":2,"name":"First grant awarded under DECIM Fund\u2019s mini-grid program"}]},{"@type":"WebSite","@id":"https:\/\/fondsdecim.mg\/en\/#website","url":"https:\/\/fondsdecim.mg\/en\/","name":"Fonds DECIM","description":"","publisher":{"@id":"https:\/\/fondsdecim.mg\/en\/#organization"},"potentialAction":[{"@type":"SearchAction","target":{"@type":"EntryPoint","urlTemplate":"https:\/\/fondsdecim.mg\/en\/?s={search_term_string}"},"query-input":{"@type":"PropertyValueSpecification","valueRequired":true,"valueName":"search_term_string"}}],"inLanguage":"en-US"},{"@type":"Organization","@id":"https:\/\/fondsdecim.mg\/en\/#organization","name":"Fonds DECIM","url":"https:\/\/fondsdecim.mg\/en\/","logo":{"@type":"ImageObject","inLanguage":"en-US","@id":"https:\/\/fondsdecim.mg\/en\/#\/schema\/logo\/image\/","url":"https:\/\/fondsdecim.mg\/wp-content\/uploads\/2025\/07\/logo.png","contentUrl":"https:\/\/fondsdecim.mg\/wp-content\/uploads\/2025\/07\/logo.png","width":194,"height":73,"caption":"Fonds DECIM"},"image":{"@id":"https:\/\/fondsdecim.mg\/en\/#\/schema\/logo\/image\/"},"sameAs":["https:\/\/www.facebook.com\/profile.php?id=61575215407016"]},{"@type":"Person","@id":"https:\/\/fondsdecim.mg\/en\/#\/schema\/person\/d3ce196d4534978dc31ca4dbcaba651c","name":"admin_decim","image":{"@type":"ImageObject","inLanguage":"en-US","@id":"https:\/\/fondsdecim.mg\/en\/#\/schema\/person\/image\/","url":"https:\/\/secure.gravatar.com\/avatar\/e8e3c23c3b0205e8803c84222bb343ce7b2c520534ee8dae4cf915e6a550b736?s=96&d=mm&r=g","contentUrl":"https:\/\/secure.gravatar.com\/avatar\/e8e3c23c3b0205e8803c84222bb343ce7b2c520534ee8dae4cf915e6a550b736?s=96&d=mm&r=g","caption":"admin_decim"},"sameAs":["https:\/\/fondsdecim.mg"],"url":"https:\/\/fondsdecim.mg\/en\/author\/admin_decim\/"}]}},"_links":{"self":[{"href":"https:\/\/fondsdecim.mg\/en\/wp-json\/wp\/v2\/posts\/1059","targetHints":{"allow":["GET"]}}],"collection":[{"href":"https:\/\/fondsdecim.mg\/en\/wp-json\/wp\/v2\/posts"}],"about":[{"href":"https:\/\/fondsdecim.mg\/en\/wp-json\/wp\/v2\/types\/post"}],"author":[{"embeddable":true,"href":"https:\/\/fondsdecim.mg\/en\/wp-json\/wp\/v2\/users\/1"}],"replies":[{"embeddable":true,"href":"https:\/\/fondsdecim.mg\/en\/wp-json\/wp\/v2\/comments?post=1059"}],"version-history":[{"count":1,"href":"https:\/\/fondsdecim.mg\/en\/wp-json\/wp\/v2\/posts\/1059\/revisions"}],"predecessor-version":[{"id":1060,"href":"https:\/\/fondsdecim.mg\/en\/wp-json\/wp\/v2\/posts\/1059\/revisions\/1060"}],"wp:featuredmedia":[{"embeddable":true,"href":"https:\/\/fondsdecim.mg\/en\/wp-json\/wp\/v2\/media\/1008"}],"wp:attachment":[{"href":"https:\/\/fondsdecim.mg\/en\/wp-json\/wp\/v2\/media?parent=1059"}],"wp:term":[{"taxonomy":"category","embeddable":true,"href":"https:\/\/fondsdecim.mg\/en\/wp-json\/wp\/v2\/categories?post=1059"},{"taxonomy":"post_tag","embeddable":true,"href":"https:\/\/fondsdecim.mg\/en\/wp-json\/wp\/v2\/tags?post=1059"}],"curies":[{"name":"wp","href":"https:\/\/api.w.org\/{rel}","templated":true}]}}